{"id":2329,"date":"2026-04-17T14:38:05","date_gmt":"2026-04-17T12:38:05","guid":{"rendered":"https:\/\/www.trainevo.lu\/ergonomie-am-arbeitsplatz-in-luxemburg-gesetzliche-verpflichtungen-in-luxemburg-und-nachhaltige-leistung-2\/"},"modified":"2026-04-17T14:58:22","modified_gmt":"2026-04-17T12:58:22","slug":"ergonomie-am-arbeitsplatz-in-luxemburg-gesetzliche-verpflichtungen-in-luxemburg-und-nachhaltige-leistung-2","status":"publish","type":"post","link":"https:\/\/www.trainevo.lu\/de\/ergonomie-am-arbeitsplatz-in-luxemburg-gesetzliche-verpflichtungen-in-luxemburg-und-nachhaltige-leistung-2\/","title":{"rendered":"Ergonomie am Arbeitsplatz in Luxemburg: gesetzliche Verpflichtungen in Luxemburg und ein Hebel f\u00fcr nachhaltige Leistung"},"content":{"rendered":"\n<h2 class=\"wp-block-heading\"><strong>Ergonomie am Arbeitsplatz in Luxemburg: gesetzliche Verpflichtungen in Luxemburg und ein Hebel f\u00fcr nachhaltige Leistung<\/strong><\/h2>\n\n<p>Die Ergonomie am Arbeitsplatz ist heute ein zentrales Thema f\u00fcr luxemburgische Unternehmen. Sie erf\u00fcllt eine doppelte Anforderung: <strong>die Verpflichtungen aus dem Arbeitsgesetzbuch einzuhalten<\/strong> und <strong>die Gesundheit der Mitarbeitenden zu sch\u00fctzen<\/strong>, insbesondere im Hinblick auf Muskel-Skelett-Erkrankungen (MSE), f\u00fcr eine nachhaltige Leistungsf\u00e4higkeit. <\/p>\n\n<p>In Luxemburg ist dieser Ansatz in einen klaren Rechtsrahmen eingebettet, der durch Empfehlungen der AAA, der ITM und des Gesundheitsministeriums gest\u00e4rkt wird. Doch \u00fcber die reine Compliance hinaus ist Ergonomie auch ein Hebel f\u00fcr nachhaltige Leistungsf\u00e4higkeit. <\/p>\n\n<hr class=\"wp-block-separator has-alpha-channel-opacity\"\/>\n\n<p><strong>Eine im luxemburgischen Arbeitsgesetzbuch verankerte Verpflichtung<\/strong>:<\/p>\n\n<p>Das <strong>luxemburgische Arbeitsgesetzbuch<\/strong> verpflichtet den Arbeitgeber, die Sicherheit und Gesundheit der Arbeitnehmer in allen arbeitsbezogenen Aspekten zu gew\u00e4hrleisten \u2013 einschlie\u00dflich der Ergonomie der Arbeitspl\u00e4tze.<\/p>\n\n<p>\ud83d\udc49 Offiziellen Rechtsrahmen ansehen:<br\/><a href=\"https:\/\/legilux.public.lu\/eli\/etat\/leg\/code\/travail\">https:\/\/legilux.public.lu\/eli\/etat\/leg\/code\/travail<\/a><\/p>\n\n<p>Dazu geh\u00f6ren insbesondere:<\/p>\n\n<ul class=\"wp-block-list\">\n<li>die Anpassung der Arbeitspl\u00e4tze,<\/li>\n\n\n\n<li>die Reduzierung k\u00f6rperlicher Belastungen,<\/li>\n\n\n\n<li>die Pr\u00e4vention von Risiken durch K\u00f6rperhaltungen und wiederholte Bewegungen,<\/li>\n\n\n\n<li>sowie die Schulung der Besch\u00e4ftigten.<\/li>\n<\/ul>\n\n<hr class=\"wp-block-separator has-alpha-channel-opacity\"\/>\n\n<p><strong>Die 9 allgemeinen Pr\u00e4ventionsprinzipien: Grundlage der Ergonomie<\/strong>:<\/p>\n\n<p>Ergonomie ist direkt in den <strong>9 allgemeinen Pr\u00e4ventionsprinzipien<\/strong> verankert, die jede Arbeitsschutzpolitik strukturieren.<\/p>\n\n<p>\ud83d\udc49 Offizielle Referenz (ITM):<br\/><a>https:\/\/itm.public.lu\/fr\/securite-sante-travail\/principes-generaux-prevention.html<\/a><\/p>\n\n<p>Unter diesen Prinzipien sind mehrere direkt mit Ergonomie verbunden:<\/p>\n\n<ul class=\"wp-block-list\">\n<li>Die Arbeit an den Menschen anpassen<\/li>\n\n\n\n<li>Risiken bewerten<\/li>\n\n\n\n<li>Risiken an der Quelle bek\u00e4mpfen<\/li>\n\n\n\n<li>Geeignete Anweisungen geben<\/li>\n<\/ul>\n\n<p>\ud83d\udc49 Das bedeutet konkret, <strong>die Besch\u00e4ftigten in Ergonomie am Arbeitsplatz zu schulen<\/strong>, damit diese Prinzipien tats\u00e4chlich anwendbar werden.<\/p>\n\n<hr class=\"wp-block-separator has-alpha-channel-opacity\"\/>\n\n<p><strong>Die Empfehlungen der AAA und luxemburgischer Organisationen<\/strong>:<\/p>\n\n<p>Die Unfallversicherungsanstalt (Association d\u2019Assurance Accident) ver\u00f6ffentlicht wesentliche Empfehlungen zur Pr\u00e4vention.<\/p>\n\n<p>\ud83d\udc49 Zu den Empfehlungen:<br\/><a href=\"https:\/\/aaa.public.lu\/fr\/securite-sante-travail\/recommandations-de-prevention.html\">https:\/\/aaa.public.lu\/fr\/securite-sante-travail\/recommandations-de-prevention.html<\/a><\/p>\n\n<p>Diese Empfehlungen betonen:<\/p>\n\n<ul class=\"wp-block-list\">\n<li>die Anpassung der Arbeitspl\u00e4tze,<\/li>\n\n\n\n<li>die Reduzierung k\u00f6rperlicher Belastungen,<\/li>\n\n\n\n<li>die Verbesserung des Arbeitsumfelds (Beleuchtung, L\u00e4rm, Platz),<\/li>\n\n\n\n<li>die Schulung der Mitarbeitenden.<\/li>\n<\/ul>\n\n<p>Die Arbeits- und Bergbauinspektion (ITM) erinnert ihrerseits an die Bedeutung eines ganzheitlichen Ansatzes, der Organisation, Technik und Mensch einbezieht.<\/p>\n\n<p>\ud83d\udc49 ITM \u2013 Sicherheit und Gesundheit am Arbeitsplatz:<br\/><a href=\"https:\/\/itm.public.lu\/\">https:\/\/itm.public.lu<\/a><\/p>\n\n<p>Auch die Vereinigung f\u00fcr Arbeitsgesundheit im Finanzsektor empfiehlt:<\/p>\n\n<ul class=\"wp-block-list\">\n<li>die Analyse der Arbeitspl\u00e4tze,<\/li>\n\n\n\n<li>individuelle Beratung,<\/li>\n\n\n\n<li>sowie die Einbindung k\u00f6rperlicher \u00dcbungen zur Vorbeugung von Schmerzen.<\/li>\n<\/ul>\n\n<p>\ud83d\udc49 Ergonomie ASTF:<br\/><a href=\"https:\/\/www.astf.lu\/fr\/ergonomie\/\">https:\/\/www.astf.lu\/fr\/ergonomie\/<\/a><\/p>\n\n<p>Schlie\u00dflich hebt das Gesundheitsministerium die Pr\u00e4vention von MSE als Priorit\u00e4t der \u00f6ffentlichen Gesundheit hervor.<\/p>\n\n<p>\ud83d\udc49 Arbeitsgesundheit:<br\/><a href=\"https:\/\/sante.public.lu\/\">https:\/\/sante.public.lu<\/a><\/p>\n\n<hr class=\"wp-block-separator has-alpha-channel-opacity\"\/>\n\n<p><strong>Warum Ergonomie im Unternehmen essenziell ist<\/strong>?  <\/p>\n\n<p>Vorbeugung von Muskel-Skelett-Erkrankungen (MSE) und R\u00fcckenschmerzen.<\/p>\n\n<p>MSE sind die h\u00e4ufigste Ursache f\u00fcr Berufskrankheiten in Europa.<\/p>\n\n<p><strong><em>Fehlzeiten reduzieren<\/em><\/strong>:<\/p>\n\n<p>Ein schlecht angepasster Arbeitsplatz f\u00fchrt zu M\u00fcdigkeit, Schmerzen und Arbeitsausf\u00e4llen.<\/p>\n\n<p><strong><em>Leistung verbessern<\/em><\/strong>:<\/p>\n\n<p>Ein gut eingerichteter Mitarbeiter ist produktiver und konzentrierter.<\/p>\n\n<p><strong><em>Engagement st\u00e4rken<\/em><\/strong>:<\/p>\n\n<p>Ergonomie tr\u00e4gt zum Wohlbefinden und zur Motivation der Teams bei.<\/p>\n\n<hr class=\"wp-block-separator has-alpha-channel-opacity\"\/>\n\n<p><strong>Schulungen: ein zentraler Hebel f\u00fcr Compliance und Leistung<\/strong>!<\/p>\n\n<p>Ergonomisches Material bereitzustellen reicht nicht aus.<br\/>\ud83d\udc49 Ohne Schulung werden bew\u00e4hrte Praktiken nicht umgesetzt.<\/p>\n\n<p>Deshalb ist es entscheidend, Mitarbeitende zu schulen in:<\/p>\n\n<ul class=\"wp-block-list\">\n<li>der Anpassung des Arbeitsplatzes,<\/li>\n\n\n\n<li>den richtigen K\u00f6rperhaltungen,<\/li>\n\n\n\n<li>den anzuwendenden Bewegungsabl\u00e4ufen,<\/li>\n\n\n\n<li>und Pr\u00e4ventionsreflexen.<\/li>\n<\/ul>\n\n<hr class=\"wp-block-separator has-alpha-channel-opacity\"\/>\n\n<p><strong>Ergonomie-Schulungen mit Trainevo<\/strong>:<\/p>\n\n<p>Die von Trainevo angebotenen Schulungen gehen weit \u00fcber einen theoretischen Ansatz hinaus.<\/p>\n\n<p>\ud83d\udc49 Schulungen entdecken:<br\/><a href=\"https:\/\/www.trainevo.lu\/de\/\">https:\/\/www.trainevo.lu<\/a><\/p>\n\n<p>\ud83d\udc49 Spezielle Ergonomie-Schulung:<br\/><a>https:\/\/www.trainevo.lu\/formations\/ergonomie-poste-travail<\/a><\/p>\n\n<hr class=\"wp-block-separator has-alpha-channel-opacity\"\/>\n\n<p><strong>Ein praxisorientierter und personalisierter Ansatz<\/strong>:<\/p>\n\n<p>Die Trainevo-<strong>Form&#8217;actions<\/strong> beinhalten eine <strong>direkte Analyse der Arbeitspl\u00e4tze<\/strong>:<\/p>\n\n<ul class=\"wp-block-list\">\n<li>Einstellung von Sitz und Bildschirm,<\/li>\n\n\n\n<li>Positionierung der Arbeitsmittel,<\/li>\n\n\n\n<li>Anpassung an berufliche Anforderungen.<\/li>\n<\/ul>\n\n<p>\ud83d\udc49 Ziel: das Prinzip konkret anwenden<br\/><strong>\u201edie Arbeit an den Menschen anpassen\u201c<\/strong><\/p>\n\n<hr class=\"wp-block-separator has-alpha-channel-opacity\"\/>\n\n<p><strong>Konkrete und sofort anwendbare L\u00f6sungen<\/strong>:<\/p>\n\n<p>Die Teilnehmenden nehmen mit:<\/p>\n\n<ul class=\"wp-block-list\">\n<li>individuelle Einstellungen,<\/li>\n\n\n\n<li>praktische Tipps,<\/li>\n\n\n\n<li>direkt umgesetzte Verbesserungen.<\/li>\n<\/ul>\n\n<hr class=\"wp-block-separator has-alpha-channel-opacity\"\/>\n\n<p><strong>Ein Unterscheidungsmerkmal: Aufw\u00e4rmen und \u00dcbungen<\/strong><\/p>\n\n<p>Die Trainevo-<strong>Form&#8217;actions<\/strong> umfassen:<\/p>\n\n<ul class=\"wp-block-list\">\n<li><strong>Muskelaufw\u00e4rm\u00fcbungen<\/strong>,<\/li>\n\n\n\n<li><strong>Dehn\u00fcbungen<\/strong>,<\/li>\n\n\n\n<li><strong>Haltungs\u00fcbungen<\/strong><\/li>\n<\/ul>\n\n<p>\ud83d\udc49 Dieser Ansatz erg\u00e4nzt die Ergonomie am Arbeitsplatz durch eine <strong>aktive Pr\u00e4vention<\/strong>.<\/p>\n\n<hr class=\"wp-block-separator has-alpha-channel-opacity\"\/>\n\n<p><strong>Eine partizipative P\u00e4dagogik<\/strong>:<\/p>\n\n<p>Die Schulungen basieren auf:<\/p>\n\n<ul class=\"wp-block-list\">\n<li>Praxis\u00fcbungen,<\/li>\n\n\n\n<li>Austausch mit den Teilnehmenden,<\/li>\n\n\n\n<li>konkreten F\u00e4llen aus der Praxis.<\/li>\n<\/ul>\n\n<hr class=\"wp-block-separator has-alpha-channel-opacity\"\/>\n\n<p><strong>Ergonomie und kontinuierliche Verbesserung<\/strong>:<\/p>\n\n<p>Ergonomie muss in einen ganzheitlichen Ansatz integriert werden:<\/p>\n\n<ul class=\"wp-block-list\">\n<li>Sicherheitsaudits,<\/li>\n\n\n\n<li>Risikoanalyse,<\/li>\n\n\n\n<li>QHSE-Politik,<\/li>\n\n\n\n<li>Arbeitsplatz-Nachverfolgung.<\/li>\n<\/ul>\n\n<p>Die Empfehlungen der offiziellen Stellen f\u00f6rdern:<\/p>\n\n<ul class=\"wp-block-list\">\n<li>regelm\u00e4\u00dfige Schulungen,<\/li>\n\n\n\n<li>Aktualisierungen bei Ver\u00e4nderungen,<\/li>\n\n\n\n<li>eine langfristige Nachverfolgung.<\/li>\n<\/ul>\n\n<hr class=\"wp-block-separator has-alpha-channel-opacity\"\/>\n\n<p><strong>Fazit: Eine strategische Investition<\/strong>:<\/p>\n\n<p>Ergonomie am Arbeitsplatz ist zugleich:<\/p>\n\n<ul class=\"wp-block-list\">\n<li>eine <strong>regulatorische Pflicht<\/strong>,<\/li>\n\n\n\n<li>ein <strong>Thema der \u00f6ffentlichen Gesundheit<\/strong>,<\/li>\n\n\n\n<li>und ein <strong>Hebel f\u00fcr Leistungsf\u00e4higkeit<\/strong>.<\/li>\n<\/ul>\n\n<p>Damit sie wirksam ist, muss sie sich st\u00fctzen auf:<br\/>\u2714\ufe0f eine Analyse vor Ort<br\/>\u2714\ufe0f eine passende Schulung<br\/>\u2714\ufe0f eine konkrete Umsetzung in der Praxis<\/p>\n\n<p>\ud83d\udc49 Die von Trainevo angebotenen Schulungen erm\u00f6glichen es, diesen Herausforderungen zu begegnen, indem sie <strong>Konformit\u00e4t, Effizienz und sofortige Anwendung<\/strong> kombinieren.<\/p>\n","protected":false},"excerpt":{"rendered":"<p>Ergonomie am Arbeitsplatz in Luxemburg: gesetzliche Verpflichtungen in Luxemburg und ein Hebel f\u00fcr nachhaltige Leistung Die Ergonomie am Arbeitsplatz ist heute ein zentrales Thema f\u00fcr luxemburgische Unternehmen. Sie erf\u00fcllt eine doppelte Anforderung: die Verpflichtungen aus dem Arbeitsgesetzbuch einzuhalten und die Gesundheit der Mitarbeitenden zu sch\u00fctzen, insbesondere im Hinblick auf Muskel-Skelett-Erkrankungen (MSE), f\u00fcr eine nachhaltige Leistungsf\u00e4higkeit. [&hellip;]<\/p>\n","protected":false},"author":5,"featured_media":1711,"comment_status":"open","ping_status":"open","sticky":false,"template":"","format":"standard","meta":{"_acf_changed":false,"footnotes":""},"categories":[43],"tags":[],"class_list":["post-2329","post","type-post","status-publish","format-standard","has-post-thumbnail","hentry","category-nicht-kategorisiert-2"],"acf":[],"yoast_head":"<!-- This site is optimized with the Yoast SEO plugin v27.0 - https:\/\/yoast.com\/product\/yoast-seo-wordpress\/ -->\n<title>Ergonomie am Arbeitsplatz in Luxemburg: gesetzliche Verpflichtungen in Luxemburg und ein Hebel f\u00fcr nachhaltige Leistung - Trainevo %<\/title>\n<meta name=\"description\" content=\"Ergonomie am Arbeitsplatz in Luxemburg: gesetzliche Pflichten, Arbeitsgesetzbuch, AAA und ITM. Erfahren Sie, warum eine Ergonomie-Schulung mit Trainevo Muskel-Skelett-Erkrankungen (MSE) reduziert und die Leistungsf\u00e4higkeit verbessert.\" \/>\n<meta name=\"robots\" content=\"index, follow, max-snippet:-1, max-image-preview:large, max-video-preview:-1\" \/>\n<link rel=\"canonical\" href=\"https:\/\/www.trainevo.lu\/de\/ergonomie-am-arbeitsplatz-in-luxemburg-gesetzliche-verpflichtungen-in-luxemburg-und-nachhaltige-leistung-2\/\" \/>\n<meta property=\"og:locale\" content=\"de_DE\" \/>\n<meta property=\"og:type\" content=\"article\" \/>\n<meta property=\"og:title\" content=\"Ergonomie am Arbeitsplatz in Luxemburg: gesetzliche Verpflichtungen in Luxemburg und ein Hebel f\u00fcr nachhaltige Leistung - Trainevo %\" \/>\n<meta property=\"og:description\" content=\"Ergonomie am Arbeitsplatz in Luxemburg: gesetzliche Pflichten, Arbeitsgesetzbuch, AAA und ITM. Erfahren Sie, warum eine Ergonomie-Schulung mit Trainevo Muskel-Skelett-Erkrankungen (MSE) reduziert und die Leistungsf\u00e4higkeit verbessert.\" \/>\n<meta property=\"og:url\" content=\"https:\/\/www.trainevo.lu\/de\/ergonomie-am-arbeitsplatz-in-luxemburg-gesetzliche-verpflichtungen-in-luxemburg-und-nachhaltige-leistung-2\/\" \/>\n<meta property=\"og:site_name\" content=\"Trainevo\" \/>\n<meta property=\"article:published_time\" content=\"2026-04-17T12:38:05+00:00\" \/>\n<meta property=\"article:modified_time\" content=\"2026-04-17T12:58:22+00:00\" \/>\n<meta property=\"og:image\" content=\"https:\/\/www.trainevo.lu\/wp-content\/uploads\/2025\/12\/Ergo.jpg\" \/>\n\t<meta property=\"og:image:width\" content=\"1000\" \/>\n\t<meta property=\"og:image:height\" content=\"667\" \/>\n\t<meta property=\"og:image:type\" content=\"image\/jpeg\" \/>\n<meta name=\"author\" content=\"Melaz Galas\" \/>\n<meta name=\"twitter:card\" content=\"summary_large_image\" \/>\n<meta name=\"twitter:label1\" content=\"Verfasst von\" \/>\n\t<meta name=\"twitter:data1\" content=\"Melaz Galas\" \/>\n\t<meta name=\"twitter:label2\" content=\"Gesch\u00e4tzte Lesezeit\" \/>\n\t<meta name=\"twitter:data2\" content=\"4\u00a0Minute\" \/>\n<script type=\"application\/ld+json\" class=\"yoast-schema-graph\">{\"@context\":\"https:\/\/schema.org\",\"@graph\":[{\"@type\":\"Article\",\"@id\":\"https:\/\/www.trainevo.lu\/de\/ergonomie-am-arbeitsplatz-in-luxemburg-gesetzliche-verpflichtungen-in-luxemburg-und-nachhaltige-leistung-2\/#article\",\"isPartOf\":{\"@id\":\"https:\/\/www.trainevo.lu\/de\/ergonomie-am-arbeitsplatz-in-luxemburg-gesetzliche-verpflichtungen-in-luxemburg-und-nachhaltige-leistung-2\/\"},\"author\":{\"name\":\"Melaz Galas\",\"@id\":\"https:\/\/www.trainevo.lu\/de\/#\/schema\/person\/ac20fd14d1fde6d37143accac86b30ba\"},\"headline\":\"Ergonomie am Arbeitsplatz in Luxemburg: gesetzliche Verpflichtungen in Luxemburg und ein Hebel f\u00fcr nachhaltige Leistung\",\"datePublished\":\"2026-04-17T12:38:05+00:00\",\"dateModified\":\"2026-04-17T12:58:22+00:00\",\"mainEntityOfPage\":{\"@id\":\"https:\/\/www.trainevo.lu\/de\/ergonomie-am-arbeitsplatz-in-luxemburg-gesetzliche-verpflichtungen-in-luxemburg-und-nachhaltige-leistung-2\/\"},\"wordCount\":750,\"commentCount\":0,\"publisher\":{\"@id\":\"https:\/\/www.trainevo.lu\/de\/#organization\"},\"image\":{\"@id\":\"https:\/\/www.trainevo.lu\/de\/ergonomie-am-arbeitsplatz-in-luxemburg-gesetzliche-verpflichtungen-in-luxemburg-und-nachhaltige-leistung-2\/#primaryimage\"},\"thumbnailUrl\":\"https:\/\/www.trainevo.lu\/wp-content\/uploads\/2025\/12\/Ergo.jpg\",\"articleSection\":[\"Nicht kategorisiert\"],\"inLanguage\":\"de\",\"potentialAction\":[{\"@type\":\"CommentAction\",\"name\":\"Comment\",\"target\":[\"https:\/\/www.trainevo.lu\/de\/ergonomie-am-arbeitsplatz-in-luxemburg-gesetzliche-verpflichtungen-in-luxemburg-und-nachhaltige-leistung-2\/#respond\"]}]},{\"@type\":\"WebPage\",\"@id\":\"https:\/\/www.trainevo.lu\/de\/ergonomie-am-arbeitsplatz-in-luxemburg-gesetzliche-verpflichtungen-in-luxemburg-und-nachhaltige-leistung-2\/\",\"url\":\"https:\/\/www.trainevo.lu\/de\/ergonomie-am-arbeitsplatz-in-luxemburg-gesetzliche-verpflichtungen-in-luxemburg-und-nachhaltige-leistung-2\/\",\"name\":\"Ergonomie am Arbeitsplatz in Luxemburg: gesetzliche Verpflichtungen in Luxemburg und ein Hebel f\u00fcr nachhaltige Leistung - Trainevo %\",\"isPartOf\":{\"@id\":\"https:\/\/www.trainevo.lu\/de\/#website\"},\"primaryImageOfPage\":{\"@id\":\"https:\/\/www.trainevo.lu\/de\/ergonomie-am-arbeitsplatz-in-luxemburg-gesetzliche-verpflichtungen-in-luxemburg-und-nachhaltige-leistung-2\/#primaryimage\"},\"image\":{\"@id\":\"https:\/\/www.trainevo.lu\/de\/ergonomie-am-arbeitsplatz-in-luxemburg-gesetzliche-verpflichtungen-in-luxemburg-und-nachhaltige-leistung-2\/#primaryimage\"},\"thumbnailUrl\":\"https:\/\/www.trainevo.lu\/wp-content\/uploads\/2025\/12\/Ergo.jpg\",\"datePublished\":\"2026-04-17T12:38:05+00:00\",\"dateModified\":\"2026-04-17T12:58:22+00:00\",\"description\":\"Ergonomie am Arbeitsplatz in Luxemburg: gesetzliche Pflichten, Arbeitsgesetzbuch, AAA und ITM. Erfahren Sie, warum eine Ergonomie-Schulung mit Trainevo Muskel-Skelett-Erkrankungen (MSE) reduziert und die Leistungsf\u00e4higkeit verbessert.\",\"breadcrumb\":{\"@id\":\"https:\/\/www.trainevo.lu\/de\/ergonomie-am-arbeitsplatz-in-luxemburg-gesetzliche-verpflichtungen-in-luxemburg-und-nachhaltige-leistung-2\/#breadcrumb\"},\"inLanguage\":\"de\",\"potentialAction\":[{\"@type\":\"ReadAction\",\"target\":[\"https:\/\/www.trainevo.lu\/de\/ergonomie-am-arbeitsplatz-in-luxemburg-gesetzliche-verpflichtungen-in-luxemburg-und-nachhaltige-leistung-2\/\"]}]},{\"@type\":\"ImageObject\",\"inLanguage\":\"de\",\"@id\":\"https:\/\/www.trainevo.lu\/de\/ergonomie-am-arbeitsplatz-in-luxemburg-gesetzliche-verpflichtungen-in-luxemburg-und-nachhaltige-leistung-2\/#primaryimage\",\"url\":\"https:\/\/www.trainevo.lu\/wp-content\/uploads\/2025\/12\/Ergo.jpg\",\"contentUrl\":\"https:\/\/www.trainevo.lu\/wp-content\/uploads\/2025\/12\/Ergo.jpg\",\"width\":1000,\"height\":667},{\"@type\":\"BreadcrumbList\",\"@id\":\"https:\/\/www.trainevo.lu\/de\/ergonomie-am-arbeitsplatz-in-luxemburg-gesetzliche-verpflichtungen-in-luxemburg-und-nachhaltige-leistung-2\/#breadcrumb\",\"itemListElement\":[{\"@type\":\"ListItem\",\"position\":1,\"name\":\"Startseite\",\"item\":\"https:\/\/www.trainevo.lu\/de\/startseite\/\"},{\"@type\":\"ListItem\",\"position\":2,\"name\":\"Ergonomie am Arbeitsplatz in Luxemburg: gesetzliche Verpflichtungen in Luxemburg und ein Hebel f\u00fcr nachhaltige Leistung\"}]},{\"@type\":\"WebSite\",\"@id\":\"https:\/\/www.trainevo.lu\/de\/#website\",\"url\":\"https:\/\/www.trainevo.lu\/de\/\",\"name\":\"Trainevo\",\"description\":\"D\u00e9veloppons ensemble vos comp\u00e9tences pour demain.\",\"publisher\":{\"@id\":\"https:\/\/www.trainevo.lu\/de\/#organization\"},\"potentialAction\":[{\"@type\":\"SearchAction\",\"target\":{\"@type\":\"EntryPoint\",\"urlTemplate\":\"https:\/\/www.trainevo.lu\/de\/?s={search_term_string}\"},\"query-input\":{\"@type\":\"PropertyValueSpecification\",\"valueRequired\":true,\"valueName\":\"search_term_string\"}}],\"inLanguage\":\"de\"},{\"@type\":\"Organization\",\"@id\":\"https:\/\/www.trainevo.lu\/de\/#organization\",\"name\":\"Trainevo\",\"url\":\"https:\/\/www.trainevo.lu\/de\/\",\"logo\":{\"@type\":\"ImageObject\",\"inLanguage\":\"de\",\"@id\":\"https:\/\/www.trainevo.lu\/de\/#\/schema\/logo\/image\/\",\"url\":\"https:\/\/www.trainevo.lu\/wp-content\/uploads\/2025\/09\/Trainevo-Logo.svg\",\"contentUrl\":\"https:\/\/www.trainevo.lu\/wp-content\/uploads\/2025\/09\/Trainevo-Logo.svg\",\"width\":214,\"height\":50,\"caption\":\"Trainevo\"},\"image\":{\"@id\":\"https:\/\/www.trainevo.lu\/de\/#\/schema\/logo\/image\/\"}},{\"@type\":\"Person\",\"@id\":\"https:\/\/www.trainevo.lu\/de\/#\/schema\/person\/ac20fd14d1fde6d37143accac86b30ba\",\"name\":\"Melaz Galas\",\"image\":{\"@type\":\"ImageObject\",\"inLanguage\":\"de\",\"@id\":\"https:\/\/www.trainevo.lu\/de\/#\/schema\/person\/image\/\",\"url\":\"https:\/\/secure.gravatar.com\/avatar\/2487dea527e62bdc8f15e921f9c4a494c0270af03a0484b902f44ebb9da98f32?s=96&d=mm&r=g\",\"contentUrl\":\"https:\/\/secure.gravatar.com\/avatar\/2487dea527e62bdc8f15e921f9c4a494c0270af03a0484b902f44ebb9da98f32?s=96&d=mm&r=g\",\"caption\":\"Melaz Galas\"},\"url\":\"https:\/\/www.trainevo.lu\/de\/author\/trainevo\/\"}]}<\/script>\n<!-- \/ Yoast SEO plugin. -->","yoast_head_json":{"title":"Ergonomie am Arbeitsplatz in Luxemburg: gesetzliche Verpflichtungen in Luxemburg und ein Hebel f\u00fcr nachhaltige Leistung - Trainevo %","description":"Ergonomie am Arbeitsplatz in Luxemburg: gesetzliche Pflichten, Arbeitsgesetzbuch, AAA und ITM. Erfahren Sie, warum eine Ergonomie-Schulung mit Trainevo Muskel-Skelett-Erkrankungen (MSE) reduziert und die Leistungsf\u00e4higkeit verbessert.","robots":{"index":"index","follow":"follow","max-snippet":"max-snippet:-1","max-image-preview":"max-image-preview:large","max-video-preview":"max-video-preview:-1"},"canonical":"https:\/\/www.trainevo.lu\/de\/ergonomie-am-arbeitsplatz-in-luxemburg-gesetzliche-verpflichtungen-in-luxemburg-und-nachhaltige-leistung-2\/","og_locale":"de_DE","og_type":"article","og_title":"Ergonomie am Arbeitsplatz in Luxemburg: gesetzliche Verpflichtungen in Luxemburg und ein Hebel f\u00fcr nachhaltige Leistung - Trainevo %","og_description":"Ergonomie am Arbeitsplatz in Luxemburg: gesetzliche Pflichten, Arbeitsgesetzbuch, AAA und ITM. Erfahren Sie, warum eine Ergonomie-Schulung mit Trainevo Muskel-Skelett-Erkrankungen (MSE) reduziert und die Leistungsf\u00e4higkeit verbessert.","og_url":"https:\/\/www.trainevo.lu\/de\/ergonomie-am-arbeitsplatz-in-luxemburg-gesetzliche-verpflichtungen-in-luxemburg-und-nachhaltige-leistung-2\/","og_site_name":"Trainevo","article_published_time":"2026-04-17T12:38:05+00:00","article_modified_time":"2026-04-17T12:58:22+00:00","og_image":[{"width":1000,"height":667,"url":"https:\/\/www.trainevo.lu\/wp-content\/uploads\/2025\/12\/Ergo.jpg","type":"image\/jpeg"}],"author":"Melaz Galas","twitter_card":"summary_large_image","twitter_misc":{"Verfasst von":"Melaz Galas","Gesch\u00e4tzte Lesezeit":"4\u00a0Minute"},"schema":{"@context":"https:\/\/schema.org","@graph":[{"@type":"Article","@id":"https:\/\/www.trainevo.lu\/de\/ergonomie-am-arbeitsplatz-in-luxemburg-gesetzliche-verpflichtungen-in-luxemburg-und-nachhaltige-leistung-2\/#article","isPartOf":{"@id":"https:\/\/www.trainevo.lu\/de\/ergonomie-am-arbeitsplatz-in-luxemburg-gesetzliche-verpflichtungen-in-luxemburg-und-nachhaltige-leistung-2\/"},"author":{"name":"Melaz Galas","@id":"https:\/\/www.trainevo.lu\/de\/#\/schema\/person\/ac20fd14d1fde6d37143accac86b30ba"},"headline":"Ergonomie am Arbeitsplatz in Luxemburg: gesetzliche Verpflichtungen in Luxemburg und ein Hebel f\u00fcr nachhaltige Leistung","datePublished":"2026-04-17T12:38:05+00:00","dateModified":"2026-04-17T12:58:22+00:00","mainEntityOfPage":{"@id":"https:\/\/www.trainevo.lu\/de\/ergonomie-am-arbeitsplatz-in-luxemburg-gesetzliche-verpflichtungen-in-luxemburg-und-nachhaltige-leistung-2\/"},"wordCount":750,"commentCount":0,"publisher":{"@id":"https:\/\/www.trainevo.lu\/de\/#organization"},"image":{"@id":"https:\/\/www.trainevo.lu\/de\/ergonomie-am-arbeitsplatz-in-luxemburg-gesetzliche-verpflichtungen-in-luxemburg-und-nachhaltige-leistung-2\/#primaryimage"},"thumbnailUrl":"https:\/\/www.trainevo.lu\/wp-content\/uploads\/2025\/12\/Ergo.jpg","articleSection":["Nicht kategorisiert"],"inLanguage":"de","potentialAction":[{"@type":"CommentAction","name":"Comment","target":["https:\/\/www.trainevo.lu\/de\/ergonomie-am-arbeitsplatz-in-luxemburg-gesetzliche-verpflichtungen-in-luxemburg-und-nachhaltige-leistung-2\/#respond"]}]},{"@type":"WebPage","@id":"https:\/\/www.trainevo.lu\/de\/ergonomie-am-arbeitsplatz-in-luxemburg-gesetzliche-verpflichtungen-in-luxemburg-und-nachhaltige-leistung-2\/","url":"https:\/\/www.trainevo.lu\/de\/ergonomie-am-arbeitsplatz-in-luxemburg-gesetzliche-verpflichtungen-in-luxemburg-und-nachhaltige-leistung-2\/","name":"Ergonomie am Arbeitsplatz in Luxemburg: gesetzliche Verpflichtungen in Luxemburg und ein Hebel f\u00fcr nachhaltige Leistung - Trainevo %","isPartOf":{"@id":"https:\/\/www.trainevo.lu\/de\/#website"},"primaryImageOfPage":{"@id":"https:\/\/www.trainevo.lu\/de\/ergonomie-am-arbeitsplatz-in-luxemburg-gesetzliche-verpflichtungen-in-luxemburg-und-nachhaltige-leistung-2\/#primaryimage"},"image":{"@id":"https:\/\/www.trainevo.lu\/de\/ergonomie-am-arbeitsplatz-in-luxemburg-gesetzliche-verpflichtungen-in-luxemburg-und-nachhaltige-leistung-2\/#primaryimage"},"thumbnailUrl":"https:\/\/www.trainevo.lu\/wp-content\/uploads\/2025\/12\/Ergo.jpg","datePublished":"2026-04-17T12:38:05+00:00","dateModified":"2026-04-17T12:58:22+00:00","description":"Ergonomie am Arbeitsplatz in Luxemburg: gesetzliche Pflichten, Arbeitsgesetzbuch, AAA und ITM. Erfahren Sie, warum eine Ergonomie-Schulung mit Trainevo Muskel-Skelett-Erkrankungen (MSE) reduziert und die Leistungsf\u00e4higkeit verbessert.","breadcrumb":{"@id":"https:\/\/www.trainevo.lu\/de\/ergonomie-am-arbeitsplatz-in-luxemburg-gesetzliche-verpflichtungen-in-luxemburg-und-nachhaltige-leistung-2\/#breadcrumb"},"inLanguage":"de","potentialAction":[{"@type":"ReadAction","target":["https:\/\/www.trainevo.lu\/de\/ergonomie-am-arbeitsplatz-in-luxemburg-gesetzliche-verpflichtungen-in-luxemburg-und-nachhaltige-leistung-2\/"]}]},{"@type":"ImageObject","inLanguage":"de","@id":"https:\/\/www.trainevo.lu\/de\/ergonomie-am-arbeitsplatz-in-luxemburg-gesetzliche-verpflichtungen-in-luxemburg-und-nachhaltige-leistung-2\/#primaryimage","url":"https:\/\/www.trainevo.lu\/wp-content\/uploads\/2025\/12\/Ergo.jpg","contentUrl":"https:\/\/www.trainevo.lu\/wp-content\/uploads\/2025\/12\/Ergo.jpg","width":1000,"height":667},{"@type":"BreadcrumbList","@id":"https:\/\/www.trainevo.lu\/de\/ergonomie-am-arbeitsplatz-in-luxemburg-gesetzliche-verpflichtungen-in-luxemburg-und-nachhaltige-leistung-2\/#breadcrumb","itemListElement":[{"@type":"ListItem","position":1,"name":"Startseite","item":"https:\/\/www.trainevo.lu\/de\/startseite\/"},{"@type":"ListItem","position":2,"name":"Ergonomie am Arbeitsplatz in Luxemburg: gesetzliche Verpflichtungen in Luxemburg und ein Hebel f\u00fcr nachhaltige Leistung"}]},{"@type":"WebSite","@id":"https:\/\/www.trainevo.lu\/de\/#website","url":"https:\/\/www.trainevo.lu\/de\/","name":"Trainevo","description":"D\u00e9veloppons ensemble vos comp\u00e9tences pour demain.","publisher":{"@id":"https:\/\/www.trainevo.lu\/de\/#organization"},"potentialAction":[{"@type":"SearchAction","target":{"@type":"EntryPoint","urlTemplate":"https:\/\/www.trainevo.lu\/de\/?s={search_term_string}"},"query-input":{"@type":"PropertyValueSpecification","valueRequired":true,"valueName":"search_term_string"}}],"inLanguage":"de"},{"@type":"Organization","@id":"https:\/\/www.trainevo.lu\/de\/#organization","name":"Trainevo","url":"https:\/\/www.trainevo.lu\/de\/","logo":{"@type":"ImageObject","inLanguage":"de","@id":"https:\/\/www.trainevo.lu\/de\/#\/schema\/logo\/image\/","url":"https:\/\/www.trainevo.lu\/wp-content\/uploads\/2025\/09\/Trainevo-Logo.svg","contentUrl":"https:\/\/www.trainevo.lu\/wp-content\/uploads\/2025\/09\/Trainevo-Logo.svg","width":214,"height":50,"caption":"Trainevo"},"image":{"@id":"https:\/\/www.trainevo.lu\/de\/#\/schema\/logo\/image\/"}},{"@type":"Person","@id":"https:\/\/www.trainevo.lu\/de\/#\/schema\/person\/ac20fd14d1fde6d37143accac86b30ba","name":"Melaz Galas","image":{"@type":"ImageObject","inLanguage":"de","@id":"https:\/\/www.trainevo.lu\/de\/#\/schema\/person\/image\/","url":"https:\/\/secure.gravatar.com\/avatar\/2487dea527e62bdc8f15e921f9c4a494c0270af03a0484b902f44ebb9da98f32?s=96&d=mm&r=g","contentUrl":"https:\/\/secure.gravatar.com\/avatar\/2487dea527e62bdc8f15e921f9c4a494c0270af03a0484b902f44ebb9da98f32?s=96&d=mm&r=g","caption":"Melaz Galas"},"url":"https:\/\/www.trainevo.lu\/de\/author\/trainevo\/"}]}},"_links":{"self":[{"href":"https:\/\/www.trainevo.lu\/de\/wp-json\/wp\/v2\/posts\/2329","targetHints":{"allow":["GET"]}}],"collection":[{"href":"https:\/\/www.trainevo.lu\/de\/wp-json\/wp\/v2\/posts"}],"about":[{"href":"https:\/\/www.trainevo.lu\/de\/wp-json\/wp\/v2\/types\/post"}],"author":[{"embeddable":true,"href":"https:\/\/www.trainevo.lu\/de\/wp-json\/wp\/v2\/users\/5"}],"replies":[{"embeddable":true,"href":"https:\/\/www.trainevo.lu\/de\/wp-json\/wp\/v2\/comments?post=2329"}],"version-history":[{"count":6,"href":"https:\/\/www.trainevo.lu\/de\/wp-json\/wp\/v2\/posts\/2329\/revisions"}],"predecessor-version":[{"id":2350,"href":"https:\/\/www.trainevo.lu\/de\/wp-json\/wp\/v2\/posts\/2329\/revisions\/2350"}],"wp:featuredmedia":[{"embeddable":true,"href":"https:\/\/www.trainevo.lu\/de\/wp-json\/wp\/v2\/media\/1711"}],"wp:attachment":[{"href":"https:\/\/www.trainevo.lu\/de\/wp-json\/wp\/v2\/media?parent=2329"}],"wp:term":[{"taxonomy":"category","embeddable":true,"href":"https:\/\/www.trainevo.lu\/de\/wp-json\/wp\/v2\/categories?post=2329"},{"taxonomy":"post_tag","embeddable":true,"href":"https:\/\/www.trainevo.lu\/de\/wp-json\/wp\/v2\/tags?post=2329"}],"curies":[{"name":"wp","href":"https:\/\/api.w.org\/{rel}","templated":true}]}}