{"id":2263,"date":"2026-03-11T14:06:35","date_gmt":"2026-03-11T13:06:35","guid":{"rendered":"https:\/\/www.trainevo.lu\/elementor-2259\/"},"modified":"2026-03-11T14:22:33","modified_gmt":"2026-03-11T13:22:33","slug":"elementor-2259","status":"publish","type":"post","link":"https:\/\/www.trainevo.lu\/de\/elementor-2259\/","title":{"rendered":"Bel\u00e4stigung und Gewalt am Arbeitsplatz in Luxemburg: Den rechtlichen Rahmen verstehen und Risiken im Unternehmen vorbeugen"},"content":{"rendered":"\n<p><\/p>\n\n<blockquote class=\"wp-block-quote is-layout-flow wp-block-quote-is-layout-flow\">\n<h2 class=\"wp-block-heading\">Bel\u00e4stigung und Gewalt am Arbeitsplatz in Luxemburg: Den rechtlichen Rahmen verstehen und Risiken im Unternehmen vorbeugen<\/h2>\n\n\n\n<p>Bel\u00e4stigung und Gewalt am Arbeitsplatz stellen heute eine gro\u00dfe Herausforderung f\u00fcr Unternehmen und \u00f6ffentliche Organisationen in Luxemburg dar. \u00dcber die menschlichen und sozialen Auswirkungen hinaus k\u00f6nnen diese Situationen auch erhebliche rechtliche, organisatorische und wirtschaftliche Folgen f\u00fcr die Arbeitgeber nach sich ziehen. In den letzten Jahren hat sich der luxemburgische Rechtsrahmen weiterentwickelt, um die Pr\u00e4vention und den Schutz der Arbeitnehmer vor diesen psychosozialen Risiken zu st\u00e4rken.  <\/p>\n<\/blockquote>\n\n<p>In diesem Zusammenhang spielen die Sensibilisierung und die Schulung der Teams eine wesentliche Rolle, um diesen Situationen vorzubeugen und ein gesundes sowie respektvolles Arbeitsumfeld zu gew\u00e4hrleisten.<\/p>\n\n<h2 class=\"wp-block-heading\">Was versteht man unter Bel\u00e4stigung oder Gewalt am Arbeitsplatz?<\/h2>\n\n<p>Bel\u00e4stigung und Gewalt am Arbeitsplatz k\u00f6nnen verschiedene Formen annehmen: Mobbing (moralische Bel\u00e4stigung), sexuelle Bel\u00e4stigung oder gewaltt\u00e4tiges Verhalten in beruflichen Beziehungen.<\/p>\n\n<p>Diese Verhaltensweisen k\u00f6nnen in unterschiedlicher Weise auftreten:<\/p>\n\n<ul class=\"wp-block-list\">\n<li>wiederholte dem\u00fctigende oder abwertende Bemerkungen<\/li>\n\n\n\n<li>bewusste Isolierung eines Mitarbeiters<\/li>\n\n\n\n<li>\u00dcberlastung oder missbr\u00e4uchlicher Entzug von Aufgaben<\/li>\n\n\n\n<li>Einsch\u00fcchterung oder Drohungen<\/li>\n\n\n\n<li>vors\u00e4tzliche Verschlechterung der Arbeitsbedingungen<\/li>\n<\/ul>\n\n<p>Bel\u00e4stigung kann von einem Vorgesetzten, einem Kollegen, aber auch von einem Kunden oder einem externen Partner ausgehen.<\/p>\n\n<h2 class=\"wp-block-heading\">Ein seit 2023 verst\u00e4rkter Rechtsrahmen:<\/h2>\n\n<p>Lange Zeit basierte der Schutz gegen Mobbing haupts\u00e4chlich auf einer <strong>im Jahr 2009 zwischen Gewerkschaften und Arbeitgeberverb\u00e4nden unterzeichneten Vereinbarung<\/strong>, die durch eine gro\u00dfherzogliche Verordnung f\u00fcr allgemeinverbindlich erkl\u00e4rt worden war.<\/p>\n\n<p>Dieses Instrument wurde jedoch als unzureichend erachtet, um einen wirksamen Schutz der Arbeitnehmer zu gew\u00e4hrleisten. Aus diesem Grund hat der luxemburgische Gesetzgeber im Jahr 2023 einen echten rechtlichen Rahmen im Arbeitsgesetzbuch (Code du travail) eingef\u00fchrt. <\/p>\n\n<p>Die neue Gesetzgebung sieht insbesondere vor:<\/p>\n\n<ul class=\"wp-block-list\">\n<li>Eine <strong>gesetzliche Definition von Mobbing<\/strong><\/li>\n\n\n\n<li>Klare <strong>Verpflichtungen f\u00fcr Arbeitgeber<\/strong><\/li>\n\n\n\n<li>Ein <strong>Interventionsverfahren der Aufsichtsbeh\u00f6rde f\u00fcr Arbeit und Bergbau (ITM)<\/strong><\/li>\n\n\n\n<li>Administrative und strafrechtliche <strong>Sanktionen<\/strong> bei Nichteinhaltung der Verpflichtungen.<\/li>\n<\/ul>\n\n<p>Die Sanktionen k\u00f6nnen bis zu mehreren tausend Euro Bu\u00dfgeld betragen, insbesondere wenn der Arbeitgeber nicht die notwendigen Ma\u00dfnahmen ergreift, um eine Bel\u00e4stigungssituation zu beenden.<\/p>\n\n<p>Um offizielle Informationen \u00fcber die rechtlichen Bestimmungen zu erhalten, k\u00f6nnen Sie auch die Seite der Arbeitnehmerkammer (Chambre des salari\u00e9s) besuchen:<br\/><a href=\"https:\/\/www.csl.lu\/fr\/vos-droits\/salaries\/sante-et-securite-au-travail\/harcelement\/?utm_source=chatgpt.com\">https:\/\/www.csl.lu\/fr\/vos-droits\/salaries\/sante-et-securite-au-travail\/harcelement<\/a><\/p>\n\n<h2 class=\"wp-block-heading\">Die Pflichten der Arbeitgeber in Luxemburg:<\/h2>\n\n<p>Die Gesetzgebung weist den Arbeitgebern eine zentrale Rolle bei der Pr\u00e4vention und Bew\u00e4ltigung von Bel\u00e4stigungssituationen zu. Sie m\u00fcssen insbesondere: <\/p>\n\n<ul class=\"wp-block-list\">\n<li>Bel\u00e4stigungssituationen innerhalb der Organisation vorbeugen<\/li>\n\n\n\n<li>Interne Meldeverfahren einrichten<\/li>\n\n\n\n<li>Schnell handeln, wenn ihnen eine Situation bekannt wird<\/li>\n\n\n\n<li>Opfer und Zeugen vor jeglicher Form von Repressalien sch\u00fctzen.<\/li>\n<\/ul>\n\n<p>Das Gesetz stellt zudem klar, dass diese Verpflichtungen in einem weiten Rahmen gelten: Die Vorf\u00e4lle k\u00f6nnen am Arbeitsplatz stattfinden, aber auch w\u00e4hrend <strong>Dienstreisen, Schulungen, Firmenveranstaltungen oder arbeitsbezogener Kommunikation<\/strong>.<\/p>\n\n<p>Im Falle einer Meldung muss der Arbeitgeber eine Analyse der Situation durchf\u00fchren und die notwendigen Ma\u00dfnahmen ergreifen, um das beanstandete Verhalten zu beenden.<\/p>\n\n<h2 class=\"wp-block-heading\">Die Rolle der Aufsichtsbeh\u00f6rde f\u00fcr Arbeit und Bergbau (ITM):<\/h2>\n\n<p>In Luxemburg spielt die Aufsichtsbeh\u00f6rde f\u00fcr Arbeit und Bergbau eine Schl\u00fcsselrolle bei der Bew\u00e4ltigung von Bel\u00e4stigungssituationen. Wenn ein Fall von Bel\u00e4stigung gemeldet wird und die internen Ma\u00dfnahmen nicht ausreichen, kann die ITM eingeschaltet werden. Die Beh\u00f6rde kann dann:  <\/p>\n\n<ul class=\"wp-block-list\">\n<li>Den gemeldeten Sachverhalt untersuchen<\/li>\n\n\n\n<li>Das Opfer und den mutma\u00dflichen T\u00e4ter anh\u00f6ren<\/li>\n\n\n\n<li>Besichtigungen vor Ort durchf\u00fchren<\/li>\n\n\n\n<li>Die Umsetzung von Korrekturma\u00dfnahmen fordern.<\/li>\n<\/ul>\n\n<p>Am Ende dieses Verfahrens wird ein Bericht erstellt, der verbindliche Empfehlungen f\u00fcr den Arbeitgeber enthalten kann.<\/p>\n\n<p>Weitere Informationen zu den Aufgaben dieser Beh\u00f6rde finden Sie auf der offiziellen Website:<br\/><a href=\"https:\/\/itm.public.lu\">https:\/\/itm.public.lu<\/a><\/p>\n\n<h2 class=\"wp-block-heading\">Die Folgen von Bel\u00e4stigung f\u00fcr Organisationen:<\/h2>\n\n<p>\u00dcber die rechtliche Dimension hinaus kann Bel\u00e4stigung am Arbeitsplatz erhebliche Folgen f\u00fcr Unternehmen haben:<\/p>\n\n<ul class=\"wp-block-list\">\n<li>Verschlechterung des Betriebsklimas<\/li>\n\n\n\n<li>Erh\u00f6hung des Krankenstandes<\/li>\n\n\n\n<li>R\u00fcckgang von Leistung und Engagement<\/li>\n\n\n\n<li>Erh\u00f6hte Fluktuation<\/li>\n\n\n\n<li>Sch\u00e4digung des Images und des Rufs des Unternehmens.<\/li>\n<\/ul>\n\n<p>Diese Situationen verursachen zudem erhebliche finanzielle Kosten durch Rechtsstreitigkeiten, Arbeitsunf\u00e4higkeit oder das Ausscheiden von Mitarbeitern.<\/p>\n\n<p>Aus diesem Grund ist die Pr\u00e4vention psychosozialer Risiken zu einer strategischen Aufgabe f\u00fcr Organisationen geworden.<\/p>\n\n<h2 class=\"wp-block-heading\">Die Bedeutung von Pr\u00e4vention und Schulung:<\/h2>\n\n<p>Pr\u00e4vention ist heute die beste Strategie zur Bek\u00e4mpfung von Bel\u00e4stigung und Gewalt am Arbeitsplatz. Sie umfasst insbesondere: <\/p>\n\n<ul class=\"wp-block-list\">\n<li>Die Sensibilisierung von F\u00fchrungskr\u00e4ften und Mitarbeitern<\/li>\n\n\n\n<li>Die Einf\u00fchrung klarer interner Richtlinien<\/li>\n\n\n\n<li>Die Identifizierung psychosozialer Risiken<\/li>\n\n\n\n<li>Die Schulung der Teams in respektvollem Verhalten und Konfliktmanagement.<\/li>\n<\/ul>\n\n<p>Die Schulung von F\u00fchrungskr\u00e4ften ist besonders wichtig, da sie eine Schl\u00fcsselrolle bei der Fr\u00fcherkennung problematischer Situationen und bei der Gestaltung der Beziehungen innerhalb der Teams spielen.<\/p>\n\n<p>Unternehmen k\u00f6nnen beispielsweise Sensibilisierungsma\u00dfnahmen oder spezialisierte Schulungsprogramme implementieren, wie sie von <strong><a href=\"https:\/\/trainevo.lu\">https:\/\/trainevo.lu<\/a><\/strong> angeboten werden, um die Kompetenzen der Mitarbeiter im Bereich der Bel\u00e4stigungspr\u00e4vention und des Managements sensibler Situationen zu st\u00e4rken.<\/p>\n\n<p>Bestimmte Schulungen erm\u00f6glichen es insbesondere:<\/p>\n\n<ul class=\"wp-block-list\">\n<li>Den luxemburgischen Rechtsrahmen zu verstehen<\/li>\n\n\n\n<li>Schwache Signale von Bel\u00e4stigung zu erkennen<\/li>\n\n\n\n<li>Zu wissen, wie man auf eine Meldung reagiert<\/li>\n\n\n\n<li>Respektvolle und inklusive Managementpraktiken zu \u00fcbernehmen.<\/li>\n<\/ul>\n\n<p>Die entsprechenden Programme finden Sie auf der Schulungsseite von Trainevo:<br\/><a>https:\/\/trainevo.lu\/formations<\/a><\/p>\n\n<h2 class=\"wp-block-heading\">Auf dem Weg zu einer respektvollen Arbeitskultur:<\/h2>\n\n<p>Die St\u00e4rkung des rechtlichen Rahmens in Luxemburg markiert einen wichtigen Schritt im Kampf gegen Bel\u00e4stigung und Gewalt am Arbeitsplatz. Vorschriften allein k\u00f6nnen diese Problematiken jedoch nicht l\u00f6sen. <\/p>\n\n<p>Pr\u00e4vention geschieht vor allem durch eine <strong>Organisationskultur, die auf Respekt, Zuh\u00f6ren und kollektiver Verantwortung basiert<\/strong>.<\/p>\n\n<p>Unternehmen haben ein gro\u00dfes Interesse daran, diese Themen in ihre Strategie des Personalmanagements zu integrieren, um ein gesundes, attraktives und nachhaltiges Arbeitsumfeld zu schaffen.<\/p>\n\n<p>Durch den Ausbau der Kompetenzen von F\u00fchrungskr\u00e4ften und die Sensibilisierung der Teams k\u00f6nnen Organisationen die Risiken von Bel\u00e4stigung signifikant reduzieren und ein Klima des Vertrauens f\u00f6rdern, das der kollektiven Leistung zutr\u00e4glich ist.<\/p>\n\n<p><\/p>\n","protected":false},"excerpt":{"rendered":"<p>Bel\u00e4stigung und Gewalt am Arbeitsplatz in Luxemburg: Den rechtlichen Rahmen verstehen und Risiken im Unternehmen vorbeugen Bel\u00e4stigung und Gewalt am Arbeitsplatz stellen heute eine gro\u00dfe Herausforderung f\u00fcr Unternehmen und \u00f6ffentliche Organisationen in Luxemburg dar. \u00dcber die menschlichen und sozialen Auswirkungen hinaus k\u00f6nnen diese Situationen auch erhebliche rechtliche, organisatorische und wirtschaftliche Folgen f\u00fcr die Arbeitgeber nach [&hellip;]<\/p>\n","protected":false},"author":5,"featured_media":2250,"comment_status":"open","ping_status":"open","sticky":false,"template":"","format":"standard","meta":{"_acf_changed":false,"footnotes":""},"categories":[43],"tags":[],"class_list":["post-2263","post","type-post","status-publish","format-standard","has-post-thumbnail","hentry","category-nicht-kategorisiert-2"],"acf":[],"yoast_head":"<!-- This site is optimized with the Yoast SEO plugin v27.0 - https:\/\/yoast.com\/product\/yoast-seo-wordpress\/ -->\n<title>Bel\u00e4stigung und Gewalt am Arbeitsplatz in Luxemburg: Den rechtlichen Rahmen verstehen und Risiken im Unternehmen vorbeugen - Trainevo %<\/title>\n<meta name=\"robots\" content=\"index, follow, max-snippet:-1, max-image-preview:large, max-video-preview:-1\" \/>\n<link rel=\"canonical\" href=\"https:\/\/www.trainevo.lu\/de\/elementor-2259\/\" \/>\n<meta property=\"og:locale\" content=\"de_DE\" \/>\n<meta property=\"og:type\" content=\"article\" \/>\n<meta property=\"og:title\" content=\"Bel\u00e4stigung und Gewalt am Arbeitsplatz in Luxemburg: Den rechtlichen Rahmen verstehen und Risiken im Unternehmen vorbeugen - Trainevo %\" \/>\n<meta property=\"og:description\" content=\"Bel\u00e4stigung und Gewalt am Arbeitsplatz in Luxemburg: Den rechtlichen Rahmen verstehen und Risiken im Unternehmen vorbeugen Bel\u00e4stigung und Gewalt am Arbeitsplatz stellen heute eine gro\u00dfe Herausforderung f\u00fcr Unternehmen und \u00f6ffentliche Organisationen in Luxemburg dar. \u00dcber die menschlichen und sozialen Auswirkungen hinaus k\u00f6nnen diese Situationen auch erhebliche rechtliche, organisatorische und wirtschaftliche Folgen f\u00fcr die Arbeitgeber nach [&hellip;]\" \/>\n<meta property=\"og:url\" content=\"https:\/\/www.trainevo.lu\/de\/elementor-2259\/\" \/>\n<meta property=\"og:site_name\" content=\"Trainevo\" \/>\n<meta property=\"article:published_time\" content=\"2026-03-11T13:06:35+00:00\" \/>\n<meta property=\"article:modified_time\" content=\"2026-03-11T13:22:33+00:00\" \/>\n<meta property=\"og:image\" content=\"https:\/\/www.trainevo.lu\/wp-content\/uploads\/2026\/03\/Harcelement-et-violence-au-travail-1.png\" \/>\n\t<meta property=\"og:image:width\" content=\"922\" \/>\n\t<meta property=\"og:image:height\" content=\"758\" \/>\n\t<meta property=\"og:image:type\" content=\"image\/png\" \/>\n<meta name=\"author\" content=\"Melaz Galas\" \/>\n<meta name=\"twitter:card\" content=\"summary_large_image\" \/>\n<meta name=\"twitter:label1\" content=\"Verfasst von\" \/>\n\t<meta name=\"twitter:data1\" content=\"Melaz Galas\" \/>\n\t<meta name=\"twitter:label2\" content=\"Gesch\u00e4tzte Lesezeit\" \/>\n\t<meta name=\"twitter:data2\" content=\"5\u00a0Minute\" \/>\n<script type=\"application\/ld+json\" class=\"yoast-schema-graph\">{\"@context\":\"https:\/\/schema.org\",\"@graph\":[{\"@type\":\"Article\",\"@id\":\"https:\/\/www.trainevo.lu\/de\/elementor-2259\/#article\",\"isPartOf\":{\"@id\":\"https:\/\/www.trainevo.lu\/de\/elementor-2259\/\"},\"author\":{\"name\":\"Melaz Galas\",\"@id\":\"https:\/\/www.trainevo.lu\/de\/#\/schema\/person\/ac20fd14d1fde6d37143accac86b30ba\"},\"headline\":\"Bel\u00e4stigung und Gewalt am Arbeitsplatz in Luxemburg: Den rechtlichen Rahmen verstehen und Risiken im Unternehmen vorbeugen\",\"datePublished\":\"2026-03-11T13:06:35+00:00\",\"dateModified\":\"2026-03-11T13:22:33+00:00\",\"mainEntityOfPage\":{\"@id\":\"https:\/\/www.trainevo.lu\/de\/elementor-2259\/\"},\"wordCount\":984,\"commentCount\":0,\"publisher\":{\"@id\":\"https:\/\/www.trainevo.lu\/de\/#organization\"},\"image\":{\"@id\":\"https:\/\/www.trainevo.lu\/de\/elementor-2259\/#primaryimage\"},\"thumbnailUrl\":\"https:\/\/www.trainevo.lu\/wp-content\/uploads\/2026\/03\/Harcelement-et-violence-au-travail-1.png\",\"articleSection\":[\"Nicht kategorisiert\"],\"inLanguage\":\"de\",\"potentialAction\":[{\"@type\":\"CommentAction\",\"name\":\"Comment\",\"target\":[\"https:\/\/www.trainevo.lu\/de\/elementor-2259\/#respond\"]}]},{\"@type\":\"WebPage\",\"@id\":\"https:\/\/www.trainevo.lu\/de\/elementor-2259\/\",\"url\":\"https:\/\/www.trainevo.lu\/de\/elementor-2259\/\",\"name\":\"Bel\u00e4stigung und Gewalt am Arbeitsplatz in Luxemburg: Den rechtlichen Rahmen verstehen und Risiken im Unternehmen vorbeugen - Trainevo %\",\"isPartOf\":{\"@id\":\"https:\/\/www.trainevo.lu\/de\/#website\"},\"primaryImageOfPage\":{\"@id\":\"https:\/\/www.trainevo.lu\/de\/elementor-2259\/#primaryimage\"},\"image\":{\"@id\":\"https:\/\/www.trainevo.lu\/de\/elementor-2259\/#primaryimage\"},\"thumbnailUrl\":\"https:\/\/www.trainevo.lu\/wp-content\/uploads\/2026\/03\/Harcelement-et-violence-au-travail-1.png\",\"datePublished\":\"2026-03-11T13:06:35+00:00\",\"dateModified\":\"2026-03-11T13:22:33+00:00\",\"breadcrumb\":{\"@id\":\"https:\/\/www.trainevo.lu\/de\/elementor-2259\/#breadcrumb\"},\"inLanguage\":\"de\",\"potentialAction\":[{\"@type\":\"ReadAction\",\"target\":[\"https:\/\/www.trainevo.lu\/de\/elementor-2259\/\"]}]},{\"@type\":\"ImageObject\",\"inLanguage\":\"de\",\"@id\":\"https:\/\/www.trainevo.lu\/de\/elementor-2259\/#primaryimage\",\"url\":\"https:\/\/www.trainevo.lu\/wp-content\/uploads\/2026\/03\/Harcelement-et-violence-au-travail-1.png\",\"contentUrl\":\"https:\/\/www.trainevo.lu\/wp-content\/uploads\/2026\/03\/Harcelement-et-violence-au-travail-1.png\",\"width\":922,\"height\":758},{\"@type\":\"BreadcrumbList\",\"@id\":\"https:\/\/www.trainevo.lu\/de\/elementor-2259\/#breadcrumb\",\"itemListElement\":[{\"@type\":\"ListItem\",\"position\":1,\"name\":\"Startseite\",\"item\":\"https:\/\/www.trainevo.lu\/de\/startseite\/\"},{\"@type\":\"ListItem\",\"position\":2,\"name\":\"Bel\u00e4stigung und Gewalt am Arbeitsplatz in Luxemburg: Den rechtlichen Rahmen verstehen und Risiken im Unternehmen vorbeugen\"}]},{\"@type\":\"WebSite\",\"@id\":\"https:\/\/www.trainevo.lu\/de\/#website\",\"url\":\"https:\/\/www.trainevo.lu\/de\/\",\"name\":\"Trainevo\",\"description\":\"D\u00e9veloppons ensemble vos comp\u00e9tences pour demain.\",\"publisher\":{\"@id\":\"https:\/\/www.trainevo.lu\/de\/#organization\"},\"potentialAction\":[{\"@type\":\"SearchAction\",\"target\":{\"@type\":\"EntryPoint\",\"urlTemplate\":\"https:\/\/www.trainevo.lu\/de\/?s={search_term_string}\"},\"query-input\":{\"@type\":\"PropertyValueSpecification\",\"valueRequired\":true,\"valueName\":\"search_term_string\"}}],\"inLanguage\":\"de\"},{\"@type\":\"Organization\",\"@id\":\"https:\/\/www.trainevo.lu\/de\/#organization\",\"name\":\"Trainevo\",\"url\":\"https:\/\/www.trainevo.lu\/de\/\",\"logo\":{\"@type\":\"ImageObject\",\"inLanguage\":\"de\",\"@id\":\"https:\/\/www.trainevo.lu\/de\/#\/schema\/logo\/image\/\",\"url\":\"https:\/\/www.trainevo.lu\/wp-content\/uploads\/2025\/09\/Trainevo-Logo.svg\",\"contentUrl\":\"https:\/\/www.trainevo.lu\/wp-content\/uploads\/2025\/09\/Trainevo-Logo.svg\",\"width\":214,\"height\":50,\"caption\":\"Trainevo\"},\"image\":{\"@id\":\"https:\/\/www.trainevo.lu\/de\/#\/schema\/logo\/image\/\"}},{\"@type\":\"Person\",\"@id\":\"https:\/\/www.trainevo.lu\/de\/#\/schema\/person\/ac20fd14d1fde6d37143accac86b30ba\",\"name\":\"Melaz Galas\",\"image\":{\"@type\":\"ImageObject\",\"inLanguage\":\"de\",\"@id\":\"https:\/\/www.trainevo.lu\/de\/#\/schema\/person\/image\/\",\"url\":\"https:\/\/secure.gravatar.com\/avatar\/2487dea527e62bdc8f15e921f9c4a494c0270af03a0484b902f44ebb9da98f32?s=96&d=mm&r=g\",\"contentUrl\":\"https:\/\/secure.gravatar.com\/avatar\/2487dea527e62bdc8f15e921f9c4a494c0270af03a0484b902f44ebb9da98f32?s=96&d=mm&r=g\",\"caption\":\"Melaz Galas\"},\"url\":\"https:\/\/www.trainevo.lu\/de\/author\/trainevo\/\"}]}<\/script>\n<!-- \/ Yoast SEO plugin. -->","yoast_head_json":{"title":"Bel\u00e4stigung und Gewalt am Arbeitsplatz in Luxemburg: Den rechtlichen Rahmen verstehen und Risiken im Unternehmen vorbeugen - Trainevo %","robots":{"index":"index","follow":"follow","max-snippet":"max-snippet:-1","max-image-preview":"max-image-preview:large","max-video-preview":"max-video-preview:-1"},"canonical":"https:\/\/www.trainevo.lu\/de\/elementor-2259\/","og_locale":"de_DE","og_type":"article","og_title":"Bel\u00e4stigung und Gewalt am Arbeitsplatz in Luxemburg: Den rechtlichen Rahmen verstehen und Risiken im Unternehmen vorbeugen - Trainevo %","og_description":"Bel\u00e4stigung und Gewalt am Arbeitsplatz in Luxemburg: Den rechtlichen Rahmen verstehen und Risiken im Unternehmen vorbeugen Bel\u00e4stigung und Gewalt am Arbeitsplatz stellen heute eine gro\u00dfe Herausforderung f\u00fcr Unternehmen und \u00f6ffentliche Organisationen in Luxemburg dar. \u00dcber die menschlichen und sozialen Auswirkungen hinaus k\u00f6nnen diese Situationen auch erhebliche rechtliche, organisatorische und wirtschaftliche Folgen f\u00fcr die Arbeitgeber nach [&hellip;]","og_url":"https:\/\/www.trainevo.lu\/de\/elementor-2259\/","og_site_name":"Trainevo","article_published_time":"2026-03-11T13:06:35+00:00","article_modified_time":"2026-03-11T13:22:33+00:00","og_image":[{"width":922,"height":758,"url":"https:\/\/www.trainevo.lu\/wp-content\/uploads\/2026\/03\/Harcelement-et-violence-au-travail-1.png","type":"image\/png"}],"author":"Melaz Galas","twitter_card":"summary_large_image","twitter_misc":{"Verfasst von":"Melaz Galas","Gesch\u00e4tzte Lesezeit":"5\u00a0Minute"},"schema":{"@context":"https:\/\/schema.org","@graph":[{"@type":"Article","@id":"https:\/\/www.trainevo.lu\/de\/elementor-2259\/#article","isPartOf":{"@id":"https:\/\/www.trainevo.lu\/de\/elementor-2259\/"},"author":{"name":"Melaz Galas","@id":"https:\/\/www.trainevo.lu\/de\/#\/schema\/person\/ac20fd14d1fde6d37143accac86b30ba"},"headline":"Bel\u00e4stigung und Gewalt am Arbeitsplatz in Luxemburg: Den rechtlichen Rahmen verstehen und Risiken im Unternehmen vorbeugen","datePublished":"2026-03-11T13:06:35+00:00","dateModified":"2026-03-11T13:22:33+00:00","mainEntityOfPage":{"@id":"https:\/\/www.trainevo.lu\/de\/elementor-2259\/"},"wordCount":984,"commentCount":0,"publisher":{"@id":"https:\/\/www.trainevo.lu\/de\/#organization"},"image":{"@id":"https:\/\/www.trainevo.lu\/de\/elementor-2259\/#primaryimage"},"thumbnailUrl":"https:\/\/www.trainevo.lu\/wp-content\/uploads\/2026\/03\/Harcelement-et-violence-au-travail-1.png","articleSection":["Nicht kategorisiert"],"inLanguage":"de","potentialAction":[{"@type":"CommentAction","name":"Comment","target":["https:\/\/www.trainevo.lu\/de\/elementor-2259\/#respond"]}]},{"@type":"WebPage","@id":"https:\/\/www.trainevo.lu\/de\/elementor-2259\/","url":"https:\/\/www.trainevo.lu\/de\/elementor-2259\/","name":"Bel\u00e4stigung und Gewalt am Arbeitsplatz in Luxemburg: Den rechtlichen Rahmen verstehen und Risiken im Unternehmen vorbeugen - Trainevo %","isPartOf":{"@id":"https:\/\/www.trainevo.lu\/de\/#website"},"primaryImageOfPage":{"@id":"https:\/\/www.trainevo.lu\/de\/elementor-2259\/#primaryimage"},"image":{"@id":"https:\/\/www.trainevo.lu\/de\/elementor-2259\/#primaryimage"},"thumbnailUrl":"https:\/\/www.trainevo.lu\/wp-content\/uploads\/2026\/03\/Harcelement-et-violence-au-travail-1.png","datePublished":"2026-03-11T13:06:35+00:00","dateModified":"2026-03-11T13:22:33+00:00","breadcrumb":{"@id":"https:\/\/www.trainevo.lu\/de\/elementor-2259\/#breadcrumb"},"inLanguage":"de","potentialAction":[{"@type":"ReadAction","target":["https:\/\/www.trainevo.lu\/de\/elementor-2259\/"]}]},{"@type":"ImageObject","inLanguage":"de","@id":"https:\/\/www.trainevo.lu\/de\/elementor-2259\/#primaryimage","url":"https:\/\/www.trainevo.lu\/wp-content\/uploads\/2026\/03\/Harcelement-et-violence-au-travail-1.png","contentUrl":"https:\/\/www.trainevo.lu\/wp-content\/uploads\/2026\/03\/Harcelement-et-violence-au-travail-1.png","width":922,"height":758},{"@type":"BreadcrumbList","@id":"https:\/\/www.trainevo.lu\/de\/elementor-2259\/#breadcrumb","itemListElement":[{"@type":"ListItem","position":1,"name":"Startseite","item":"https:\/\/www.trainevo.lu\/de\/startseite\/"},{"@type":"ListItem","position":2,"name":"Bel\u00e4stigung und Gewalt am Arbeitsplatz in Luxemburg: Den rechtlichen Rahmen verstehen und Risiken im Unternehmen vorbeugen"}]},{"@type":"WebSite","@id":"https:\/\/www.trainevo.lu\/de\/#website","url":"https:\/\/www.trainevo.lu\/de\/","name":"Trainevo","description":"D\u00e9veloppons ensemble vos comp\u00e9tences pour demain.","publisher":{"@id":"https:\/\/www.trainevo.lu\/de\/#organization"},"potentialAction":[{"@type":"SearchAction","target":{"@type":"EntryPoint","urlTemplate":"https:\/\/www.trainevo.lu\/de\/?s={search_term_string}"},"query-input":{"@type":"PropertyValueSpecification","valueRequired":true,"valueName":"search_term_string"}}],"inLanguage":"de"},{"@type":"Organization","@id":"https:\/\/www.trainevo.lu\/de\/#organization","name":"Trainevo","url":"https:\/\/www.trainevo.lu\/de\/","logo":{"@type":"ImageObject","inLanguage":"de","@id":"https:\/\/www.trainevo.lu\/de\/#\/schema\/logo\/image\/","url":"https:\/\/www.trainevo.lu\/wp-content\/uploads\/2025\/09\/Trainevo-Logo.svg","contentUrl":"https:\/\/www.trainevo.lu\/wp-content\/uploads\/2025\/09\/Trainevo-Logo.svg","width":214,"height":50,"caption":"Trainevo"},"image":{"@id":"https:\/\/www.trainevo.lu\/de\/#\/schema\/logo\/image\/"}},{"@type":"Person","@id":"https:\/\/www.trainevo.lu\/de\/#\/schema\/person\/ac20fd14d1fde6d37143accac86b30ba","name":"Melaz Galas","image":{"@type":"ImageObject","inLanguage":"de","@id":"https:\/\/www.trainevo.lu\/de\/#\/schema\/person\/image\/","url":"https:\/\/secure.gravatar.com\/avatar\/2487dea527e62bdc8f15e921f9c4a494c0270af03a0484b902f44ebb9da98f32?s=96&d=mm&r=g","contentUrl":"https:\/\/secure.gravatar.com\/avatar\/2487dea527e62bdc8f15e921f9c4a494c0270af03a0484b902f44ebb9da98f32?s=96&d=mm&r=g","caption":"Melaz Galas"},"url":"https:\/\/www.trainevo.lu\/de\/author\/trainevo\/"}]}},"_links":{"self":[{"href":"https:\/\/www.trainevo.lu\/de\/wp-json\/wp\/v2\/posts\/2263","targetHints":{"allow":["GET"]}}],"collection":[{"href":"https:\/\/www.trainevo.lu\/de\/wp-json\/wp\/v2\/posts"}],"about":[{"href":"https:\/\/www.trainevo.lu\/de\/wp-json\/wp\/v2\/types\/post"}],"author":[{"embeddable":true,"href":"https:\/\/www.trainevo.lu\/de\/wp-json\/wp\/v2\/users\/5"}],"replies":[{"embeddable":true,"href":"https:\/\/www.trainevo.lu\/de\/wp-json\/wp\/v2\/comments?post=2263"}],"version-history":[{"count":11,"href":"https:\/\/www.trainevo.lu\/de\/wp-json\/wp\/v2\/posts\/2263\/revisions"}],"predecessor-version":[{"id":2286,"href":"https:\/\/www.trainevo.lu\/de\/wp-json\/wp\/v2\/posts\/2263\/revisions\/2286"}],"wp:featuredmedia":[{"embeddable":true,"href":"https:\/\/www.trainevo.lu\/de\/wp-json\/wp\/v2\/media\/2250"}],"wp:attachment":[{"href":"https:\/\/www.trainevo.lu\/de\/wp-json\/wp\/v2\/media?parent=2263"}],"wp:term":[{"taxonomy":"category","embeddable":true,"href":"https:\/\/www.trainevo.lu\/de\/wp-json\/wp\/v2\/categories?post=2263"},{"taxonomy":"post_tag","embeddable":true,"href":"https:\/\/www.trainevo.lu\/de\/wp-json\/wp\/v2\/tags?post=2263"}],"curies":[{"name":"wp","href":"https:\/\/api.w.org\/{rel}","templated":true}]}}